{"id":2439,"date":"2015-02-11T01:59:30","date_gmt":"2015-02-11T00:59:30","guid":{"rendered":"http:\/\/www.2see.se\/?p=2439"},"modified":"2015-04-30T13:02:30","modified_gmt":"2015-04-30T11:02:30","slug":"fran-varmbad-till-isvak","status":"publish","type":"post","link":"https:\/\/www.2see.se\/?p=2439","title":{"rendered":"Fr\u00e5n varmbad till isvak"},"content":{"rendered":"<p style=\"text-align: center;\"><img loading=\"lazy\" decoding=\"async\" class=\"aligncenter size-full wp-image-2448\" style=\"margin-bottom: 20px; display: block; margin-left: auto; margin-right: auto; outline-width: 1px; outline-style: solid; outline-color: #777777; resize: none;\" src=\"https:\/\/www.2see.se\/wp-content\/uploads\/2015\/02\/web_SAX_0352.jpg\" alt=\"web_SAX_0352\" width=\"700\" height=\"455\" srcset=\"https:\/\/www.2see.se\/wp-content\/uploads\/2015\/02\/web_SAX_0352.jpg 700w, https:\/\/www.2see.se\/wp-content\/uploads\/2015\/02\/web_SAX_0352-300x195.jpg 300w\" sizes=\"auto, (max-width: 700px) 100vw, 700px\" \/><\/p>\n<h3 style=\"text-align: center;\">Intensiv fotokurs p\u00e5 Koh Lanta<\/h3>\n<p style=\"text-align: center;\">Det har varit en intensiv m\u00e5nad h\u00e4r p\u00e5 Koh Lanta med fotokurser, undervattens-fotograferingar och knytande av kontakter inf\u00f6r n\u00e4sta \u00e5r.\u00a0Alla resor m\u00e5ste tyv\u00e4rr ha ett slut och s\u00e5 \u00e4ven denna men vi tar nya tag h\u00e4r nere igen om ett \u00e5r. Just nu k\u00e4nns lite avl\u00e4gset att redan n\u00e4sta vecka ta isdykar certifikat&#8230;.<\/p>\n<div id=\"attachment_2466\" style=\"width: 710px\" class=\"wp-caption aligncenter\"><img loading=\"lazy\" decoding=\"async\" aria-describedby=\"caption-attachment-2466\" class=\"wp-image-2466 size-full\" src=\"https:\/\/www.2see.se\/wp-content\/uploads\/2013\/02\/www.2see.se_uv_13-e1425626019423.jpg\" alt=\"Foto S\u00f6ren Andersson www.2see.se\" width=\"700\" height=\"467\" \/><p id=\"caption-attachment-2466\" class=\"wp-caption-text\">Hawksbill sk\u00f6ldpadda<\/p><\/div>\n<div id=\"attachment_2429\" style=\"width: 710px\" class=\"wp-caption aligncenter\"><img loading=\"lazy\" decoding=\"async\" aria-describedby=\"caption-attachment-2429\" class=\"wp-image-2429 size-full\" src=\"https:\/\/www.2see.se\/wp-content\/uploads\/2015\/02\/web_AX_2105.jpg\" alt=\"Foto S\u00f6ren Andersson www.2see.se\" width=\"700\" height=\"467\" srcset=\"https:\/\/www.2see.se\/wp-content\/uploads\/2015\/02\/web_AX_2105.jpg 700w, https:\/\/www.2see.se\/wp-content\/uploads\/2015\/02\/web_AX_2105-300x200.jpg 300w\" sizes=\"auto, (max-width: 700px) 100vw, 700px\" \/><p id=\"caption-attachment-2429\" class=\"wp-caption-text\">Koraller p\u00e5 Hin Klai<\/p><\/div>\n<div id=\"attachment_2442\" style=\"width: 710px\" class=\"wp-caption aligncenter\"><img loading=\"lazy\" decoding=\"async\" aria-describedby=\"caption-attachment-2442\" class=\"wp-image-2442 size-full\" src=\"https:\/\/www.2see.se\/wp-content\/uploads\/2015\/02\/web_AX_2543.jpg\" alt=\"Foto S\u00f6ren Andersson www.2see.se\" width=\"700\" height=\"445\" srcset=\"https:\/\/www.2see.se\/wp-content\/uploads\/2015\/02\/web_AX_2543.jpg 700w, https:\/\/www.2see.se\/wp-content\/uploads\/2015\/02\/web_AX_2543-300x191.jpg 300w\" sizes=\"auto, (max-width: 700px) 100vw, 700px\" \/><p id=\"caption-attachment-2442\" class=\"wp-caption-text\">Makrofotografering av koraller i hamnen (klongen) i Saladan.<\/p><\/div>\n<div id=\"attachment_2443\" style=\"width: 710px\" class=\"wp-caption aligncenter\"><img loading=\"lazy\" decoding=\"async\" aria-describedby=\"caption-attachment-2443\" class=\"wp-image-2443 size-full\" src=\"https:\/\/www.2see.se\/wp-content\/uploads\/2015\/02\/web_AX_2617.jpg\" alt=\"Foto S\u00f6ren Andersson www.2see.se\" width=\"700\" height=\"467\" srcset=\"https:\/\/www.2see.se\/wp-content\/uploads\/2015\/02\/web_AX_2617.jpg 700w, https:\/\/www.2see.se\/wp-content\/uploads\/2015\/02\/web_AX_2617-300x200.jpg 300w\" sizes=\"auto, (max-width: 700px) 100vw, 700px\" \/><p id=\"caption-attachment-2443\" class=\"wp-caption-text\">Makrofotografering av koraller i hamnen (klongen) i Saladan<\/p><\/div>\n<div id=\"attachment_2444\" style=\"width: 710px\" class=\"wp-caption aligncenter\"><img loading=\"lazy\" decoding=\"async\" aria-describedby=\"caption-attachment-2444\" class=\"wp-image-2444 size-full\" src=\"https:\/\/www.2see.se\/wp-content\/uploads\/2015\/02\/web_AX_2653.jpg\" alt=\"Foto S\u00f6ren Andersson www.2see.se\" width=\"700\" height=\"467\" srcset=\"https:\/\/www.2see.se\/wp-content\/uploads\/2015\/02\/web_AX_2653.jpg 700w, https:\/\/www.2see.se\/wp-content\/uploads\/2015\/02\/web_AX_2653-300x200.jpg 300w\" sizes=\"auto, (max-width: 700px) 100vw, 700px\" \/><p id=\"caption-attachment-2444\" class=\"wp-caption-text\">Makrofotografering av koraller i hamnen (klongen) i Saladan<\/p><\/div>\n<div id=\"attachment_2445\" style=\"width: 710px\" class=\"wp-caption aligncenter\"><img loading=\"lazy\" decoding=\"async\" aria-describedby=\"caption-attachment-2445\" class=\"wp-image-2445 size-full\" src=\"https:\/\/www.2see.se\/wp-content\/uploads\/2015\/02\/web_AX_7589_2.jpg\" alt=\"Foto S\u00f6ren Andersson www.2see.se\" width=\"700\" height=\"396\" srcset=\"https:\/\/www.2see.se\/wp-content\/uploads\/2015\/02\/web_AX_7589_2.jpg 700w, https:\/\/www.2see.se\/wp-content\/uploads\/2015\/02\/web_AX_7589_2-300x170.jpg 300w\" sizes=\"auto, (max-width: 700px) 100vw, 700px\" \/><p id=\"caption-attachment-2445\" class=\"wp-caption-text\">Nakensn\u00e4cka p\u00e5 vraket Kled Kaew.<\/p><\/div>\n<div id=\"attachment_2446\" style=\"width: 710px\" class=\"wp-caption aligncenter\"><img loading=\"lazy\" decoding=\"async\" aria-describedby=\"caption-attachment-2446\" class=\"wp-image-2446 size-full\" src=\"https:\/\/www.2see.se\/wp-content\/uploads\/2015\/02\/web_AX_7620.jpg\" alt=\"Foto S\u00f6ren Andersson www.2see.se\" width=\"700\" height=\"405\" srcset=\"https:\/\/www.2see.se\/wp-content\/uploads\/2015\/02\/web_AX_7620.jpg 700w, https:\/\/www.2see.se\/wp-content\/uploads\/2015\/02\/web_AX_7620-300x174.jpg 300w\" sizes=\"auto, (max-width: 700px) 100vw, 700px\" \/><p id=\"caption-attachment-2446\" class=\"wp-caption-text\">Grouper i n\u00e4rbild p\u00e5 vraket Kled Kaew ig\u00e5r<\/p><\/div>\n<div id=\"attachment_2447\" style=\"width: 710px\" class=\"wp-caption aligncenter\"><img loading=\"lazy\" decoding=\"async\" aria-describedby=\"caption-attachment-2447\" class=\"wp-image-2447 size-full\" src=\"https:\/\/www.2see.se\/wp-content\/uploads\/2015\/02\/web_Dykcenter.jpg\" alt=\"Foto S\u00f6ren Andersson www.2see.se\" width=\"700\" height=\"467\" srcset=\"https:\/\/www.2see.se\/wp-content\/uploads\/2015\/02\/web_Dykcenter.jpg 700w, https:\/\/www.2see.se\/wp-content\/uploads\/2015\/02\/web_Dykcenter-300x200.jpg 300w\" sizes=\"auto, (max-width: 700px) 100vw, 700px\" \/><p id=\"caption-attachment-2447\" class=\"wp-caption-text\">N\u00e5gon tycks ha tr\u00f6ttnat p\u00e5 dykningen och sl\u00e4ngt hela dykcentret p\u00e5 tippen utanf\u00f6r Saladan.<\/p><\/div>\n<p style=\"text-align: center;\"><img loading=\"lazy\" decoding=\"async\" class=\"aligncenter size-full wp-image-2449\" src=\"https:\/\/www.2see.se\/wp-content\/uploads\/2015\/02\/webSorens_Bild_02.jpg\" alt=\"webS\u00f6rens_Bild_02\" width=\"700\" height=\"467\" srcset=\"https:\/\/www.2see.se\/wp-content\/uploads\/2015\/02\/webSorens_Bild_02.jpg 700w, https:\/\/www.2see.se\/wp-content\/uploads\/2015\/02\/webSorens_Bild_02-300x200.jpg 300w\" sizes=\"auto, (max-width: 700px) 100vw, 700px\" \/>V\u00e5r portr\u00e4ttkurs h\u00e5rdbevakades av DN sportens Sven Gustavsson<\/p>\n<div class=\"pp-fb-like-btn-wrap\"><div class=\"fb-like\" data-href=\"https:\/\/www.2see.se\/?p=2439\" data-share=\"true\" data-layout=\"standard\" data-width=\"450\" data-show-faces=\"\" data-action=\"like\"><\/div><\/div>","protected":false},"excerpt":{"rendered":"<p>Intensiv fotokurs p\u00e5 Koh Lanta Det har varit en intensiv m\u00e5nad h\u00e4r p\u00e5 Koh Lanta med fotokurser, undervattens-fotograferingar och knytande av kontakter inf\u00f6r n\u00e4sta \u00e5r.\u00a0Alla resor m\u00e5ste tyv\u00e4rr ha ett slut och s\u00e5 \u00e4ven denna men vi tar nya tag h\u00e4r nere igen om ett \u00e5r. Just nu k\u00e4nns lite avl\u00e4gset att redan n\u00e4sta vecka [&hellip;]<\/p>\n","protected":false},"author":1,"featured_media":0,"comment_status":"open","ping_status":"open","sticky":false,"template":"","format":"standard","meta":{"footnotes":""},"categories":[1],"tags":[6,10,9],"class_list":["post-2439","post","type-post","status-publish","format-standard","hentry","category-arkiv","tag-fotokurs","tag-koraller","tag-skoldpadda"],"_links":{"self":[{"href":"https:\/\/www.2see.se\/index.php?rest_route=\/wp\/v2\/posts\/2439","targetHints":{"allow":["GET"]}}],"collection":[{"href":"https:\/\/www.2see.se\/index.php?rest_route=\/wp\/v2\/posts"}],"about":[{"href":"https:\/\/www.2see.se\/index.php?rest_route=\/wp\/v2\/types\/post"}],"author":[{"embeddable":true,"href":"https:\/\/www.2see.se\/index.php?rest_route=\/wp\/v2\/users\/1"}],"replies":[{"embeddable":true,"href":"https:\/\/www.2see.se\/index.php?rest_route=%2Fwp%2Fv2%2Fcomments&post=2439"}],"version-history":[{"count":11,"href":"https:\/\/www.2see.se\/index.php?rest_route=\/wp\/v2\/posts\/2439\/revisions"}],"predecessor-version":[{"id":2552,"href":"https:\/\/www.2see.se\/index.php?rest_route=\/wp\/v2\/posts\/2439\/revisions\/2552"}],"wp:attachment":[{"href":"https:\/\/www.2see.se\/index.php?rest_route=%2Fwp%2Fv2%2Fmedia&parent=2439"}],"wp:term":[{"taxonomy":"category","embeddable":true,"href":"https:\/\/www.2see.se\/index.php?rest_route=%2Fwp%2Fv2%2Fcategories&post=2439"},{"taxonomy":"post_tag","embeddable":true,"href":"https:\/\/www.2see.se\/index.php?rest_route=%2Fwp%2Fv2%2Ftags&post=2439"}],"curies":[{"name":"wp","href":"https:\/\/api.w.org\/{rel}","templated":true}]}}